{"id":1836,"date":"2025-06-18T03:06:00","date_gmt":"2025-06-18T07:06:00","guid":{"rendered":"https:\/\/toitamoi.ca\/we-are-talked-about-in-la-presse\/"},"modified":"2026-03-24T11:35:11","modified_gmt":"2026-03-24T15:35:11","slug":"we-are-talked-about-in-la-presse","status":"publish","type":"post","link":"https:\/\/toitamoi.ca\/en\/we-are-talked-about-in-la-presse\/","title":{"rendered":"We are talked about in La Presse"},"content":{"rendered":"","protected":false},"excerpt":{"rendered":"<p>After a long time living on the streets, Nicola will soon have a new home, thanks to the initiative of a man who has worked all his life with the homeless.<\/p>\n","protected":false},"author":4,"featured_media":1812,"comment_status":"closed","ping_status":"closed","sticky":false,"template":"","format":"standard","meta":{"_acf_changed":false,"give_campaign_id":0,"footnotes":""},"categories":[27],"tags":[33],"class_list":["post-1836","post","type-post","status-publish","format-standard","has-post-thumbnail","hentry","category-medias-en","tag-news"],"acf":{"image_media":1666,"lien_de_larticle":"https:\/\/www.lapresse.ca\/actualites\/grand-montreal\/2025-06-18\/il-veut-loger-des-sans-abri-un-condo-a-la-fois.php"},"yoast_head":"<!-- This site is optimized with the Yoast SEO plugin v26.7 - https:\/\/yoast.com\/wordpress\/plugins\/seo\/ -->\n<title>We are talked about in La Presse - Toit \u00e0 moi<\/title>\n<meta name=\"robots\" content=\"index, follow, max-snippet:-1, max-image-preview:large, max-video-preview:-1\" \/>\n<link rel=\"canonical\" href=\"https:\/\/toitamoi.ca\/en\/we-are-talked-about-in-la-presse\/\" \/>\n<meta property=\"og:locale\" content=\"en_US\" \/>\n<meta property=\"og:type\" content=\"article\" \/>\n<meta property=\"og:title\" content=\"We are talked about in La Presse - Toit \u00e0 moi\" \/>\n<meta property=\"og:description\" content=\"After a long time living on the streets, Nicola will soon have a new home, thanks to the initiative of a man who has worked all his life with the homeless.\" \/>\n<meta property=\"og:url\" content=\"https:\/\/toitamoi.ca\/en\/we-are-talked-about-in-la-presse\/\" \/>\n<meta property=\"og:site_name\" content=\"Toit \u00e0 moi\" \/>\n<meta property=\"article:publisher\" content=\"https:\/\/www.facebook.com\/profile.php?id=61576767458131\" \/>\n<meta property=\"article:published_time\" content=\"2025-06-18T07:06:00+00:00\" \/>\n<meta property=\"article:modified_time\" content=\"2026-03-24T15:35:11+00:00\" \/>\n<meta property=\"og:image\" content=\"https:\/\/toitamoi.ca\/wp-content\/uploads\/2025\/05\/2025-05-30-toit-a-moi-02-scaled.jpg\" \/>\n\t<meta property=\"og:image:width\" content=\"2560\" \/>\n\t<meta property=\"og:image:height\" content=\"1707\" \/>\n\t<meta property=\"og:image:type\" content=\"image\/jpeg\" \/>\n<meta name=\"author\" content=\"Timoth\u00e9 Lacoste\" \/>\n<meta name=\"twitter:card\" content=\"summary_large_image\" \/>\n<meta name=\"twitter:label1\" content=\"Written by\" \/>\n\t<meta name=\"twitter:data1\" content=\"Timoth\u00e9 Lacoste\" \/>\n<script type=\"application\/ld+json\" class=\"yoast-schema-graph\">{\"@context\":\"https:\/\/schema.org\",\"@graph\":[{\"@type\":\"Article\",\"@id\":\"https:\/\/toitamoi.ca\/en\/we-are-talked-about-in-la-presse\/#article\",\"isPartOf\":{\"@id\":\"https:\/\/toitamoi.ca\/en\/we-are-talked-about-in-la-presse\/\"},\"author\":{\"name\":\"Timoth\u00e9 Lacoste\",\"@id\":\"https:\/\/toitamoi.ca\/#\/schema\/person\/d6819d78639679d40b6ad6b918a67379\"},\"headline\":\"We are talked about in La Presse\",\"datePublished\":\"2025-06-18T07:06:00+00:00\",\"dateModified\":\"2026-03-24T15:35:11+00:00\",\"mainEntityOfPage\":{\"@id\":\"https:\/\/toitamoi.ca\/en\/we-are-talked-about-in-la-presse\/\"},\"wordCount\":7,\"publisher\":{\"@id\":\"https:\/\/toitamoi.ca\/#organization\"},\"image\":{\"@id\":\"https:\/\/toitamoi.ca\/en\/we-are-talked-about-in-la-presse\/#primaryimage\"},\"thumbnailUrl\":\"https:\/\/toitamoi.ca\/wp-content\/uploads\/2025\/05\/2025-05-30-toit-a-moi-02-scaled.jpg\",\"keywords\":[\"News\"],\"articleSection\":[\"Medias\"],\"inLanguage\":\"en-US\"},{\"@type\":\"WebPage\",\"@id\":\"https:\/\/toitamoi.ca\/en\/we-are-talked-about-in-la-presse\/\",\"url\":\"https:\/\/toitamoi.ca\/en\/we-are-talked-about-in-la-presse\/\",\"name\":\"We are talked about in La Presse - Toit \u00e0 moi\",\"isPartOf\":{\"@id\":\"https:\/\/toitamoi.ca\/#website\"},\"primaryImageOfPage\":{\"@id\":\"https:\/\/toitamoi.ca\/en\/we-are-talked-about-in-la-presse\/#primaryimage\"},\"image\":{\"@id\":\"https:\/\/toitamoi.ca\/en\/we-are-talked-about-in-la-presse\/#primaryimage\"},\"thumbnailUrl\":\"https:\/\/toitamoi.ca\/wp-content\/uploads\/2025\/05\/2025-05-30-toit-a-moi-02-scaled.jpg\",\"datePublished\":\"2025-06-18T07:06:00+00:00\",\"dateModified\":\"2026-03-24T15:35:11+00:00\",\"breadcrumb\":{\"@id\":\"https:\/\/toitamoi.ca\/en\/we-are-talked-about-in-la-presse\/#breadcrumb\"},\"inLanguage\":\"en-US\",\"potentialAction\":[{\"@type\":\"ReadAction\",\"target\":[\"https:\/\/toitamoi.ca\/en\/we-are-talked-about-in-la-presse\/\"]}]},{\"@type\":\"ImageObject\",\"inLanguage\":\"en-US\",\"@id\":\"https:\/\/toitamoi.ca\/en\/we-are-talked-about-in-la-presse\/#primaryimage\",\"url\":\"https:\/\/toitamoi.ca\/wp-content\/uploads\/2025\/05\/2025-05-30-toit-a-moi-02-scaled.jpg\",\"contentUrl\":\"https:\/\/toitamoi.ca\/wp-content\/uploads\/2025\/05\/2025-05-30-toit-a-moi-02-scaled.jpg\",\"width\":2560,\"height\":1707,\"caption\":\"PHOTO ROBERT SKINNER, ROBERT SKINNER\/LA PRESSE - Montreal, Quebec On visite un appartement qui sera offert \u00e0 une personne itin\u00e9rante, par le nouveau projet Toit \u00e0 moi Canada, fond\u00e9 par l'ancien commissaire \u00e0 la Ville en itin\u00e9rance, Serge Lareault. De gauche a droite Alexia Yelin, Helene Grivart, Serge Lareault et Sonia Cote. - \/ Friday\/ 06\/ June\/ 2025 - # P-ACT-2025-06-03-47852\"},{\"@type\":\"BreadcrumbList\",\"@id\":\"https:\/\/toitamoi.ca\/en\/we-are-talked-about-in-la-presse\/#breadcrumb\",\"itemListElement\":[{\"@type\":\"ListItem\",\"position\":1,\"name\":\"Home\",\"item\":\"https:\/\/toitamoi.ca\/en\/home\/\"},{\"@type\":\"ListItem\",\"position\":2,\"name\":\"We are talked about in La Presse\"}]},{\"@type\":\"WebSite\",\"@id\":\"https:\/\/toitamoi.ca\/#website\",\"url\":\"https:\/\/toitamoi.ca\/\",\"name\":\"Toit \u00e0 moi\",\"description\":\"Ensemble offrons un habitat\",\"publisher\":{\"@id\":\"https:\/\/toitamoi.ca\/#organization\"},\"alternateName\":\"T\u00c0M\",\"potentialAction\":[{\"@type\":\"SearchAction\",\"target\":{\"@type\":\"EntryPoint\",\"urlTemplate\":\"https:\/\/toitamoi.ca\/?s={search_term_string}\"},\"query-input\":{\"@type\":\"PropertyValueSpecification\",\"valueRequired\":true,\"valueName\":\"search_term_string\"}}],\"inLanguage\":\"en-US\"},{\"@type\":\"Organization\",\"@id\":\"https:\/\/toitamoi.ca\/#organization\",\"name\":\"Toit \u00e0 moi\",\"url\":\"https:\/\/toitamoi.ca\/\",\"logo\":{\"@type\":\"ImageObject\",\"inLanguage\":\"en-US\",\"@id\":\"https:\/\/toitamoi.ca\/#\/schema\/logo\/image\/\",\"url\":\"https:\/\/toitamoi.ca\/wp-content\/uploads\/2025\/05\/Vector-6.png\",\"contentUrl\":\"https:\/\/toitamoi.ca\/wp-content\/uploads\/2025\/05\/Vector-6.png\",\"width\":310,\"height\":184,\"caption\":\"Toit \u00e0 moi\"},\"image\":{\"@id\":\"https:\/\/toitamoi.ca\/#\/schema\/logo\/image\/\"},\"sameAs\":[\"https:\/\/www.facebook.com\/profile.php?id=61576767458131\",\"https:\/\/www.instagram.com\/toitamoi.ca\/\",\"https:\/\/www.linkedin.com\/company\/toit--moi-canada\/\"]},{\"@type\":\"Person\",\"@id\":\"https:\/\/toitamoi.ca\/#\/schema\/person\/d6819d78639679d40b6ad6b918a67379\",\"name\":\"Timoth\u00e9 Lacoste\",\"image\":{\"@type\":\"ImageObject\",\"inLanguage\":\"en-US\",\"@id\":\"https:\/\/toitamoi.ca\/#\/schema\/person\/image\/\",\"url\":\"https:\/\/secure.gravatar.com\/avatar\/af2ec48d7fd498c3aca1fe81974c2d5db248cc2040ecd64e02e6543579bc419c?s=96&d=mm&r=g\",\"contentUrl\":\"https:\/\/secure.gravatar.com\/avatar\/af2ec48d7fd498c3aca1fe81974c2d5db248cc2040ecd64e02e6543579bc419c?s=96&d=mm&r=g\",\"caption\":\"Timoth\u00e9 Lacoste\"},\"url\":\"https:\/\/toitamoi.ca\/en\/author\/timothenucleusstrategie-com\/\"}]}<\/script>\n<!-- \/ Yoast SEO plugin. -->","yoast_head_json":{"title":"We are talked about in La Presse - Toit \u00e0 moi","robots":{"index":"index","follow":"follow","max-snippet":"max-snippet:-1","max-image-preview":"max-image-preview:large","max-video-preview":"max-video-preview:-1"},"canonical":"https:\/\/toitamoi.ca\/en\/we-are-talked-about-in-la-presse\/","og_locale":"en_US","og_type":"article","og_title":"We are talked about in La Presse - Toit \u00e0 moi","og_description":"After a long time living on the streets, Nicola will soon have a new home, thanks to the initiative of a man who has worked all his life with the homeless.","og_url":"https:\/\/toitamoi.ca\/en\/we-are-talked-about-in-la-presse\/","og_site_name":"Toit \u00e0 moi","article_publisher":"https:\/\/www.facebook.com\/profile.php?id=61576767458131","article_published_time":"2025-06-18T07:06:00+00:00","article_modified_time":"2026-03-24T15:35:11+00:00","og_image":[{"width":2560,"height":1707,"url":"https:\/\/toitamoi.ca\/wp-content\/uploads\/2025\/05\/2025-05-30-toit-a-moi-02-scaled.jpg","type":"image\/jpeg"}],"author":"Timoth\u00e9 Lacoste","twitter_card":"summary_large_image","twitter_misc":{"Written by":"Timoth\u00e9 Lacoste"},"schema":{"@context":"https:\/\/schema.org","@graph":[{"@type":"Article","@id":"https:\/\/toitamoi.ca\/en\/we-are-talked-about-in-la-presse\/#article","isPartOf":{"@id":"https:\/\/toitamoi.ca\/en\/we-are-talked-about-in-la-presse\/"},"author":{"name":"Timoth\u00e9 Lacoste","@id":"https:\/\/toitamoi.ca\/#\/schema\/person\/d6819d78639679d40b6ad6b918a67379"},"headline":"We are talked about in La Presse","datePublished":"2025-06-18T07:06:00+00:00","dateModified":"2026-03-24T15:35:11+00:00","mainEntityOfPage":{"@id":"https:\/\/toitamoi.ca\/en\/we-are-talked-about-in-la-presse\/"},"wordCount":7,"publisher":{"@id":"https:\/\/toitamoi.ca\/#organization"},"image":{"@id":"https:\/\/toitamoi.ca\/en\/we-are-talked-about-in-la-presse\/#primaryimage"},"thumbnailUrl":"https:\/\/toitamoi.ca\/wp-content\/uploads\/2025\/05\/2025-05-30-toit-a-moi-02-scaled.jpg","keywords":["News"],"articleSection":["Medias"],"inLanguage":"en-US"},{"@type":"WebPage","@id":"https:\/\/toitamoi.ca\/en\/we-are-talked-about-in-la-presse\/","url":"https:\/\/toitamoi.ca\/en\/we-are-talked-about-in-la-presse\/","name":"We are talked about in La Presse - Toit \u00e0 moi","isPartOf":{"@id":"https:\/\/toitamoi.ca\/#website"},"primaryImageOfPage":{"@id":"https:\/\/toitamoi.ca\/en\/we-are-talked-about-in-la-presse\/#primaryimage"},"image":{"@id":"https:\/\/toitamoi.ca\/en\/we-are-talked-about-in-la-presse\/#primaryimage"},"thumbnailUrl":"https:\/\/toitamoi.ca\/wp-content\/uploads\/2025\/05\/2025-05-30-toit-a-moi-02-scaled.jpg","datePublished":"2025-06-18T07:06:00+00:00","dateModified":"2026-03-24T15:35:11+00:00","breadcrumb":{"@id":"https:\/\/toitamoi.ca\/en\/we-are-talked-about-in-la-presse\/#breadcrumb"},"inLanguage":"en-US","potentialAction":[{"@type":"ReadAction","target":["https:\/\/toitamoi.ca\/en\/we-are-talked-about-in-la-presse\/"]}]},{"@type":"ImageObject","inLanguage":"en-US","@id":"https:\/\/toitamoi.ca\/en\/we-are-talked-about-in-la-presse\/#primaryimage","url":"https:\/\/toitamoi.ca\/wp-content\/uploads\/2025\/05\/2025-05-30-toit-a-moi-02-scaled.jpg","contentUrl":"https:\/\/toitamoi.ca\/wp-content\/uploads\/2025\/05\/2025-05-30-toit-a-moi-02-scaled.jpg","width":2560,"height":1707,"caption":"PHOTO ROBERT SKINNER, ROBERT SKINNER\/LA PRESSE - Montreal, Quebec On visite un appartement qui sera offert \u00e0 une personne itin\u00e9rante, par le nouveau projet Toit \u00e0 moi Canada, fond\u00e9 par l'ancien commissaire \u00e0 la Ville en itin\u00e9rance, Serge Lareault. De gauche a droite Alexia Yelin, Helene Grivart, Serge Lareault et Sonia Cote. - \/ Friday\/ 06\/ June\/ 2025 - # P-ACT-2025-06-03-47852"},{"@type":"BreadcrumbList","@id":"https:\/\/toitamoi.ca\/en\/we-are-talked-about-in-la-presse\/#breadcrumb","itemListElement":[{"@type":"ListItem","position":1,"name":"Home","item":"https:\/\/toitamoi.ca\/en\/home\/"},{"@type":"ListItem","position":2,"name":"We are talked about in La Presse"}]},{"@type":"WebSite","@id":"https:\/\/toitamoi.ca\/#website","url":"https:\/\/toitamoi.ca\/","name":"Toit \u00e0 moi","description":"Ensemble offrons un habitat","publisher":{"@id":"https:\/\/toitamoi.ca\/#organization"},"alternateName":"T\u00c0M","potentialAction":[{"@type":"SearchAction","target":{"@type":"EntryPoint","urlTemplate":"https:\/\/toitamoi.ca\/?s={search_term_string}"},"query-input":{"@type":"PropertyValueSpecification","valueRequired":true,"valueName":"search_term_string"}}],"inLanguage":"en-US"},{"@type":"Organization","@id":"https:\/\/toitamoi.ca\/#organization","name":"Toit \u00e0 moi","url":"https:\/\/toitamoi.ca\/","logo":{"@type":"ImageObject","inLanguage":"en-US","@id":"https:\/\/toitamoi.ca\/#\/schema\/logo\/image\/","url":"https:\/\/toitamoi.ca\/wp-content\/uploads\/2025\/05\/Vector-6.png","contentUrl":"https:\/\/toitamoi.ca\/wp-content\/uploads\/2025\/05\/Vector-6.png","width":310,"height":184,"caption":"Toit \u00e0 moi"},"image":{"@id":"https:\/\/toitamoi.ca\/#\/schema\/logo\/image\/"},"sameAs":["https:\/\/www.facebook.com\/profile.php?id=61576767458131","https:\/\/www.instagram.com\/toitamoi.ca\/","https:\/\/www.linkedin.com\/company\/toit--moi-canada\/"]},{"@type":"Person","@id":"https:\/\/toitamoi.ca\/#\/schema\/person\/d6819d78639679d40b6ad6b918a67379","name":"Timoth\u00e9 Lacoste","image":{"@type":"ImageObject","inLanguage":"en-US","@id":"https:\/\/toitamoi.ca\/#\/schema\/person\/image\/","url":"https:\/\/secure.gravatar.com\/avatar\/af2ec48d7fd498c3aca1fe81974c2d5db248cc2040ecd64e02e6543579bc419c?s=96&d=mm&r=g","contentUrl":"https:\/\/secure.gravatar.com\/avatar\/af2ec48d7fd498c3aca1fe81974c2d5db248cc2040ecd64e02e6543579bc419c?s=96&d=mm&r=g","caption":"Timoth\u00e9 Lacoste"},"url":"https:\/\/toitamoi.ca\/en\/author\/timothenucleusstrategie-com\/"}]}},"tam_media_url":"https:\/\/www.lapresse.ca\/actualites\/grand-montreal\/2025-06-18\/il-veut-loger-des-sans-abri-un-condo-a-la-fois.php","_links":{"self":[{"href":"https:\/\/toitamoi.ca\/en\/wp-json\/wp\/v2\/posts\/1836","targetHints":{"allow":["GET"]}}],"collection":[{"href":"https:\/\/toitamoi.ca\/en\/wp-json\/wp\/v2\/posts"}],"about":[{"href":"https:\/\/toitamoi.ca\/en\/wp-json\/wp\/v2\/types\/post"}],"author":[{"embeddable":true,"href":"https:\/\/toitamoi.ca\/en\/wp-json\/wp\/v2\/users\/4"}],"replies":[{"embeddable":true,"href":"https:\/\/toitamoi.ca\/en\/wp-json\/wp\/v2\/comments?post=1836"}],"version-history":[{"count":0,"href":"https:\/\/toitamoi.ca\/en\/wp-json\/wp\/v2\/posts\/1836\/revisions"}],"wp:featuredmedia":[{"embeddable":true,"href":"https:\/\/toitamoi.ca\/en\/wp-json\/wp\/v2\/media\/1812"}],"wp:attachment":[{"href":"https:\/\/toitamoi.ca\/en\/wp-json\/wp\/v2\/media?parent=1836"}],"wp:term":[{"taxonomy":"category","embeddable":true,"href":"https:\/\/toitamoi.ca\/en\/wp-json\/wp\/v2\/categories?post=1836"},{"taxonomy":"post_tag","embeddable":true,"href":"https:\/\/toitamoi.ca\/en\/wp-json\/wp\/v2\/tags?post=1836"}],"curies":[{"name":"wp","href":"https:\/\/api.w.org\/{rel}","templated":true}]}}